[{"@context":"https:\/\/schema.org\/","@type":"Article","@id":"https:\/\/www.arcontg.cz\/nakupy-v-nemecku\/#Article","mainEntityOfPage":"https:\/\/www.arcontg.cz\/nakupy-v-nemecku\/","headline":"N\u00e1kupy v N\u011bmecku","name":"N\u00e1kupy v N\u011bmecku","description":"Hodn\u011b z n\u00e1s jezd\u00ed na n\u00e1kupy k soused\u016fm. Pro\u010d tomu tak je? Faktor\u016f, kter\u00e9 k tomu lidi vedou je v\u00edce. Hlavn\u00edm a d\u016fle\u017eit\u00fdm faktorem je kvalita, jeliko\u017e nen\u00ed jenom pov\u011bst, \u017ee jsou zde mnohem kvalitn\u011bj\u0161\u00ed potraviny, stejn\u011b jako v Rakousku. Pod\u00edvejte se na slo\u017een\u00ed toto\u017en\u00fdch v\u00fdrobk\u016f, kter\u00e9 se prod\u00e1vaj\u00ed tady a v N\u011bmecku. \u010casto je slo\u017een\u00ed mnohem kvalitn\u011bj\u0161\u00ed a je [&hellip;]","datePublished":"2025-02-27","dateModified":"2023-05-01","author":{"@type":"Person","@id":"https:\/\/www.arcontg.cz\/author\/#Person","name":"","url":"https:\/\/www.arcontg.cz\/author\/","identifier":1,"image":{"@type":"ImageObject","@id":"https:\/\/secure.gravatar.com\/avatar\/48db5b3634ed7a3f1f89bca90f0a2521b0bb3970d57e3653d258d10b0f31fdf3?s=96&d=mm&r=g","url":"https:\/\/secure.gravatar.com\/avatar\/48db5b3634ed7a3f1f89bca90f0a2521b0bb3970d57e3653d258d10b0f31fdf3?s=96&d=mm&r=g","height":96,"width":96}},"publisher":{"@type":"Organization","name":"arcontg.cz","logo":{"@type":"ImageObject","@id":"\/logo.png","url":"\/logo.png","width":600,"height":60}},"image":{"@type":"ImageObject","@id":"https:\/\/www.arcontg.cz\/wp-content\/uploads\/img_a313662_w2536_t1524515810.jpg","url":"https:\/\/www.arcontg.cz\/wp-content\/uploads\/img_a313662_w2536_t1524515810.jpg","height":0,"width":0},"url":"https:\/\/www.arcontg.cz\/nakupy-v-nemecku\/","wordCount":466,"articleBody":"Hodn\u011b z n\u00e1s jezd\u00ed na n\u00e1kupy k soused\u016fm. Pro\u010d tomu tak je? Faktor\u016f, kter\u00e9 k tomu lidi vedou je v\u00edce. Hlavn\u00edm a d\u016fle\u017eit\u00fdm faktorem je kvalita, jeliko\u017e nen\u00ed jenom pov\u011bst, \u017ee jsou zde mnohem kvalitn\u011bj\u0161\u00ed potraviny, stejn\u011b jako v Rakousku.Pod\u00edvejte se na slo\u017een\u00ed toto\u017en\u00fdch v\u00fdrobk\u016f, kter\u00e9 se prod\u00e1vaj\u00ed tady a v N\u011bmecku. \u010casto je slo\u017een\u00ed mnohem kvalitn\u011bj\u0161\u00ed a je tam m\u00e9n\u011b p\u0159idan\u00fdch r\u016fzn\u00fdch chemick\u00fdch l\u00e1tek. Proto je velk\u00e1 obliba jezdit nakupovat do N\u011bmecka i potraviny. Dal\u0161\u00edm rozhoduj\u00edc\u00edm faktorem je cena. Cena vzhledem ke kvalit\u011b je v\u00edce ne\u017e p\u0159\u00edzniv\u00e1. \u010casto toto\u017en\u00fd v\u00fdrobek je mnohem kvalitn\u011bj\u0161\u00ed a levn\u011bj\u0161\u00ed. Neplat\u00ed to samoz\u0159ejm\u011b pouze o potravin\u00e1ch. Mnoho lid\u00ed \u0159\u00edk\u00e1, \u017ee to plat\u00ed i o dal\u0161\u00edm zbo\u017e\u00ed a tak\u00e9 o textilu. Co si o tom mysl\u00edte vy? Souhlas\u00edte s takov\u00fdm n\u00e1zorem? N\u011bkte\u0159\u00ed lid\u00e9 spoj\u00ed i p\u0159\u00edjemn\u00e9 s u\u017eite\u010dn\u00fdm. Odjedou na v\u00edkend a z\u00e1rove\u0148 si nakoup\u00ed a u\u017eij\u00ed si pohody v cizin\u011b.\u00a0Jak je to s tou kvalitou?Nejl\u00e9pe to vystihuje fakt, kter\u00fd nelze pominout. Ned\u00e1vno jsem vid\u011bl srovn\u00e1n\u00ed cen v jedn\u00e9 nejmenovan\u00e9 drogerii, kter\u00e1 je zde i v N\u011bmecku. Zaj\u00edmav\u00e9 zji\u0161t\u011bn\u00ed bylo, \u017ee v\u011bt\u0161ina v\u00fdrobk\u016f m\u00e1 mnohem ni\u017e\u0161\u00ed ceny. Ne\u0161lo jen o cenu, ale i o kvalitu a velikost balen\u00ed! Toto srovn\u00e1 jsem vid\u011bl u\u017e u \u0159ady v\u00fdrobk\u016f, kter\u00e9 se porovn\u00e1vaj\u00ed. Vezm\u011bte si nap\u0159\u00edklad i zn\u00e1mou Colu. Zde nen\u00ed v Cole cukr, respektive je tam hlavn\u011b gluk\u00f3zo-frukt\u00f3zov\u00fd sirup a v N\u011bmecku je cukr. Zkr\u00e1tka v\u00fdrobci moc dob\u0159e v\u011bd\u00ed, \u017ee zde sn\u00edme zkr\u00e1tka skoro v\u0161echno a bohat\u011b toho vyu\u017e\u00edvaj\u00ed. I textil je v porovn\u00e1n\u00ed levn\u011bj\u0161\u00ed a kvalitn\u011bj\u0161\u00ed ne\u017e u n\u00e1s. Zkuste se sami pod\u00edvat na r\u016fzn\u00e1 srovn\u00e1n\u00ed potravin a dal\u0161\u00edho zbo\u017e\u00ed na internetu a mysl\u00edm si, \u017ee se budete docela dost divit.\u00a0Jednodu\u0161e \u0159e\u010deno je ur\u010dit\u011b dobr\u00e9 za n\u00e1kupy do N\u011bmecka vyrazit. M\u016f\u017eete u\u0161et\u0159it pom\u011brn\u011b hezk\u00e9 pen\u00edze. Nav\u00edc zde najdete v\u011bt\u0161\u00ed \u0161k\u00e1lu v\u00fdb\u011bru ne\u017e u n\u00e1s. Ur\u010dit\u011b jste sly\u0161eli, \u017ee se po\u0159\u00e1daj\u00ed i jednodenn\u00ed z\u00e1jezdy na n\u00e1kupy do Dr\u00e1\u017e\u010fan. Za p\u00e1r korun se dostanete r\u00e1no tam, nakoup\u00edte si a ve\u010der se pohodln\u011b autobusem dostanete zp\u00e1tky. Vyu\u017eijte mo\u017enosti v\u00fdhodn\u00fdch n\u00e1kup\u016f v N\u011bmecku a u\u017eijte si pohodov\u00e9 dny.                                                                                                                                                                                                                                                                                                                                                                                        4\/5 - (8 votes)        "},{"@context":"https:\/\/schema.org\/","@type":"BreadcrumbList","itemListElement":[{"@type":"ListItem","position":1,"name":"N\u00e1kupy v N\u011bmecku","item":"https:\/\/www.arcontg.cz\/nakupy-v-nemecku\/#breadcrumbitem"}]}]